{"rendered_content": "\n    \n        <article class=\"blog-article\">\n            <div class=\"row mrgsection2 reset-spacing-xs\">\n    \n             <div class=\"col-xs-12 col-sm-6 mrgmobile\">\n                <a href=\"/ueber-uns/aktuell/merkblatt-kaltluftabfall/\" class=\"bluebox blog-preview-box\">\n    <div class=\"blueboxpadding\">\n        <p class=\"datum\">22. November 2016</p>\n        <h3>Kaltluftabfall: Merkblatt</h3>\n        <p class=\"text\">Wie hoch darf ein Fenster im Wohnungs- bzw. B\u00fcrobau sein, ohne die thermische Behaglichkeit zu beeintr\u00e4chtigen?</p>\n    </div>\n</a>\n\n            </div>\n        \n\n    \n             <div class=\"col-xs-12 col-sm-6 mrgmobile\">\n                <a href=\"/ueber-uns/aktuell/laermschutz-neue-regelung-nach-bundesgerichtsentsc/\" class=\"bluebox blog-preview-box\">\n    <div class=\"blueboxpadding\">\n        <p class=\"datum\">8. Juni 2016</p>\n        <h3>Neue Regelung L\u00fcftungsfenster 2016</h3>\n        <p class=\"text\">Dem Bundesgerichtsentscheid vom 16. M\u00e4rz 2016 folgend \u00e4ndert der Kanton Z\u00fcrich seine bisherige L\u00fcftungsfenster-Praxis.</p>\n    </div>\n</a>\n\n            </div>\n        \n                </div>\n            </article>\n        \n\n", "next_page": null}